{"id":2338,"date":"2025-06-10T11:49:58","date_gmt":"2025-06-10T09:49:58","guid":{"rendered":"https:\/\/www.gardonyi-suli.hu\/?p=2338"},"modified":"2025-06-10T11:52:12","modified_gmt":"2025-06-10T09:52:12","slug":"molnar-renata-a-tiszan-innen-dunan-tul-nepdaleneklesi-minosito-verseny-orszagos-dontojeben-kiemelt-arany-minositest-szerzett","status":"publish","type":"post","link":"https:\/\/www.gardonyi-suli.hu\/?p=2338","title":{"rendered":"Moln\u00e1r Ren\u00e1ta a &#8222;Tisz\u00e1n innen-Dun\u00e1n t\u00fal&#8221; n\u00e9pdal\u00e9nekl\u00e9si min\u0151s\u00edt\u0151 verseny orsz\u00e1gos d\u00f6nt\u0151j\u00e9ben kiemelt arany min\u0151s\u00edt\u00e9st szerzett"},"content":{"rendered":"\t\t<div data-elementor-type=\"wp-post\" data-elementor-id=\"2338\" class=\"elementor elementor-2338\" data-elementor-settings=\"{&quot;ha_cmc_init_switcher&quot;:&quot;no&quot;}\">\n\t\t\t\t\t\t<section class=\"elementor-section elementor-top-section elementor-element elementor-element-2b154b96 elementor-section-boxed elementor-section-height-default elementor-section-height-default\" data-id=\"2b154b96\" data-element_type=\"section\" data-e-type=\"section\" data-settings=\"{&quot;_ha_eqh_enable&quot;:false}\">\n\t\t\t\t\t\t<div class=\"elementor-container elementor-column-gap-default\">\n\t\t\t\t\t<div class=\"elementor-column elementor-col-66 elementor-top-column elementor-element elementor-element-2a3c4513\" data-id=\"2a3c4513\" data-element_type=\"column\" data-e-type=\"column\">\n\t\t\t<div class=\"elementor-widget-wrap elementor-element-populated\">\n\t\t\t\t\t\t<div class=\"elementor-element elementor-element-4a3af2f5 elementor-align-start elementor-icon-list--layout-traditional elementor-list-item-link-full_width ha-has-bg-overlay elementor-widget elementor-widget-icon-list\" data-id=\"4a3af2f5\" data-element_type=\"widget\" data-e-type=\"widget\" data-widget_type=\"icon-list.default\">\n\t\t\t\t<div class=\"elementor-widget-container\">\n\t\t\t\t\t\t\t<ul class=\"elementor-icon-list-items\">\n\t\t\t\t\t\t\t<li class=\"elementor-icon-list-item\">\n\t\t\t\t\t\t\t\t\t\t\t<span class=\"elementor-icon-list-icon\">\n\t\t\t\t\t\t\t<i aria-hidden=\"true\" class=\"fas fa-angle-right\"><\/i>\t\t\t\t\t\t<\/span>\n\t\t\t\t\t\t\t\t\t\t<span class=\"elementor-icon-list-text\"><\/span>\n\t\t\t\t\t\t\t\t\t<\/li>\n\t\t\t\t\t\t<\/ul>\n\t\t\t\t\t\t<\/div>\n\t\t\t\t<\/div>\n\t\t\t\t<div class=\"elementor-element elementor-element-84df945 elementor-widget elementor-widget-text-editor\" data-id=\"84df945\" data-element_type=\"widget\" data-e-type=\"widget\" data-widget_type=\"text-editor.default\">\n\t\t\t\t<div class=\"elementor-widget-container\">\n\t\t\t\t\t\t\t\t\t<div>Moln\u00e1r Ren\u00e1ta a &#8222;Tisz\u00e1n innen-Dun\u00e1n t\u00fal&#8221; n\u00e9pdal\u00e9nekl\u00e9si min\u0151s\u00edt\u0151 verseny orsz\u00e1gos d\u00f6nt\u0151j\u00e9ben kiemelt arany min\u0151s\u00edt\u00e9st szerzett, tov\u00e1bb\u00e1 lehet\u0151s\u00e9get kapott a Dank\u00f3 R\u00e1di\u00f3ban val\u00f3 bemutatkoz\u00e1sra.<\/div><div>\u00a0<\/div><div><a href=\"https:\/\/mediaklikk.hu\/cikk\/2025\/06\/06\/tudta-e-magyar-nepdalkincstar-egy-kivalo-fiatal-enekes-molnar-renata\/\">https:\/\/mediaklikk.hu\/cikk\/2025\/06\/06\/tudta-e-magyar-nepdalkincstar-egy-kivalo-fiatal-enekes-molnar-renata\/<\/a><\/div><div>\u00a0<\/div>\t\t\t\t\t\t\t\t<\/div>\n\t\t\t\t<\/div>\n\t\t\t\t\t<\/div>\n\t\t<\/div>\n\t\t\t\t<div class=\"elementor-column elementor-col-33 elementor-top-column elementor-element elementor-element-2873fbb2\" data-id=\"2873fbb2\" data-element_type=\"column\" data-e-type=\"column\">\n\t\t\t<div class=\"elementor-widget-wrap elementor-element-populated\">\n\t\t\t\t\t\t<div class=\"elementor-element elementor-element-16b67ea8 elementor-align-start elementor-icon-list--layout-traditional elementor-list-item-link-full_width ha-has-bg-overlay elementor-widget elementor-widget-icon-list\" data-id=\"16b67ea8\" data-element_type=\"widget\" data-e-type=\"widget\" data-widget_type=\"icon-list.default\">\n\t\t\t\t<div class=\"elementor-widget-container\">\n\t\t\t\t\t\t\t<ul class=\"elementor-icon-list-items\">\n\t\t\t\t\t\t\t<li class=\"elementor-icon-list-item\">\n\t\t\t\t\t\t\t\t\t\t\t<span class=\"elementor-icon-list-icon\">\n\t\t\t\t\t\t\t<i aria-hidden=\"true\" class=\"fas fa-book-open\"><\/i>\t\t\t\t\t\t<\/span>\n\t\t\t\t\t\t\t\t\t\t<span class=\"elementor-icon-list-text\">E-kr\u00e9ta<\/span>\n\t\t\t\t\t\t\t\t\t<\/li>\n\t\t\t\t\t\t<\/ul>\n\t\t\t\t\t\t<\/div>\n\t\t\t\t<\/div>\n\t\t\t\t<div data-ha-element-link=\"{&quot;url&quot;:&quot;https:\\\/\\\/idp.e-kreta.hu\\\/Account\\\/Login?ReturnUrl=%2Fconnect%2Fauthorize%2Fcallback%3Fclient_id%3Dkreta-web%26response_type%3Dcode%26scope%3Dopenid%26state%3DOpenIdConnect.AuthenticationProperties%253D25NTvdB01H2IEEiITK6X3s6opiINHQ6WT6hbpMLZWjH-RcDW_lyl0w57nQmjvzpOM3yXXBj3pJTpBx5TL6U290Q0kf9QfTZuX4T-IjYF67FpK9szJ17mKVtbKGvSO19ZoB0bpCtvq_eKfs5NfK-bTw%26response_mode%3Dform_post%26nonce%3D638149906604594761.NTNhNzcxMDQtY2U2OS00YTdkLTg3YTYtYzE0NjY4NDMzMTM3Y2E5ODc5MzgtZDM5Ni00MmEzLWFlYmYtNTA2YmE2MjE5NTg1%26institute_code%3Dklik200829004%26institute_data%3DeyJuZXh0X3VwZGF0ZV9kYXRlX3RpbWUiOiIyMDIzLjAzLjIzLiAyMjowMCIsImlzX3N6aXJfaW5zdGl0dXRlIjpmYWxzZSwiaXNfbGljZW5jZV92YWxpZCI6dHJ1ZSwiaXNfYXJjaGl2ZSI6ZmFsc2UsImlzX2Nzb2trZW50ZXR0X2dvbmR2aXNlbG8iOnRydWUsImlzX2ludGV6bWVueV9yb3ZpZG5ldiI6dHJ1ZSwiaXNfc3VjY2Vzc19hdXRob3JpemVkX2RhdGUiOmZhbHNlfQ%253D%253D%26prompt%3Dlogin%26redirect_uri%3Dhttps%253A%252F%252Fklik200829004.e-kreta.hu%26x-client-SKU%3DID_NET461%26x-client-ver%3D5.3.0.0%26suppressed_prompt%3Dlogin&quot;,&quot;is_external&quot;:&quot;&quot;,&quot;nofollow&quot;:&quot;&quot;}\" style=\"cursor: pointer\" class=\"elementor-element elementor-element-450b3276 elementor-widget elementor-widget-image\" data-id=\"450b3276\" data-element_type=\"widget\" data-e-type=\"widget\" data-widget_type=\"image.default\">\n\t\t\t\t<div class=\"elementor-widget-container\">\n\t\t\t\t\t\t\t\t\t\t\t\t\t\t\t<img decoding=\"async\" width=\"150\" height=\"150\" src=\"https:\/\/www.gardonyi-suli.hu\/wp-content\/uploads\/2023\/03\/unnamed-150x150.png\" class=\"attachment-thumbnail size-thumbnail wp-image-104\" alt=\"\" srcset=\"https:\/\/www.gardonyi-suli.hu\/wp-content\/uploads\/2023\/03\/unnamed-150x150.png 150w, https:\/\/www.gardonyi-suli.hu\/wp-content\/uploads\/2023\/03\/unnamed-300x300.png 300w, https:\/\/www.gardonyi-suli.hu\/wp-content\/uploads\/2023\/03\/unnamed.png 512w\" sizes=\"(max-width: 150px) 100vw, 150px\" \/>\t\t\t\t\t\t\t\t\t\t\t\t\t\t\t<\/div>\n\t\t\t\t<\/div>\n\t\t\t\t<div class=\"elementor-element elementor-element-4e733e5e elementor-align-start elementor-icon-list--layout-traditional elementor-list-item-link-full_width ha-has-bg-overlay elementor-widget elementor-widget-icon-list\" data-id=\"4e733e5e\" data-element_type=\"widget\" data-e-type=\"widget\" data-widget_type=\"icon-list.default\">\n\t\t\t\t<div class=\"elementor-widget-container\">\n\t\t\t\t\t\t\t<ul class=\"elementor-icon-list-items\">\n\t\t\t\t\t\t\t<li class=\"elementor-icon-list-item\">\n\t\t\t\t\t\t\t\t\t\t\t<span class=\"elementor-icon-list-icon\">\n\t\t\t\t\t\t\t<i aria-hidden=\"true\" class=\"fas fa-angle-down\"><\/i>\t\t\t\t\t\t<\/span>\n\t\t\t\t\t\t\t\t\t\t<span class=\"elementor-icon-list-text\">Alap\u00edtv\u00e1nyunk<\/span>\n\t\t\t\t\t\t\t\t\t<\/li>\n\t\t\t\t\t\t<\/ul>\n\t\t\t\t\t\t<\/div>\n\t\t\t\t<\/div>\n\t\t\t\t<div data-ha-element-link=\"{&quot;url&quot;:&quot;https:\\\/\\\/www.gardonyi-suli.hu\\\/?page_id=18&quot;,&quot;is_external&quot;:&quot;&quot;,&quot;nofollow&quot;:&quot;&quot;}\" style=\"cursor: pointer\" class=\"elementor-element elementor-element-5e8fad07 elementor-widget elementor-widget-image\" data-id=\"5e8fad07\" data-element_type=\"widget\" data-e-type=\"widget\" data-widget_type=\"image.default\">\n\t\t\t\t<div class=\"elementor-widget-container\">\n\t\t\t\t\t\t\t\t\t\t\t\t\t\t\t<img decoding=\"async\" width=\"245\" height=\"160\" src=\"https:\/\/www.gardonyi-suli.hu\/wp-content\/uploads\/2023\/03\/Alapitvany.png\" class=\"attachment-large size-large wp-image-112\" alt=\"\" \/>\t\t\t\t\t\t\t\t\t\t\t\t\t\t\t<\/div>\n\t\t\t\t<\/div>\n\t\t\t\t\t<\/div>\n\t\t<\/div>\n\t\t\t\t\t<\/div>\n\t\t<\/section>\n\t\t\t\t<\/div>\n\t\t","protected":false},"excerpt":{"rendered":"<p>Moln\u00e1r Ren\u00e1ta a &#8222;Tisz\u00e1n innen-Dun\u00e1n t\u00fal&#8221; n\u00e9pdal\u00e9nekl\u00e9si min\u0151s\u00edt\u0151 verseny orsz\u00e1gos d\u00f6nt\u0151j\u00e9ben kiemelt arany min\u0151s\u00edt\u00e9st szerzett, tov\u00e1bb\u00e1 lehet\u0151s\u00e9get kapott a Dank\u00f3 R\u00e1di\u00f3ban val\u00f3 bemutatkoz\u00e1sra.\u00a0https:\/\/mediaklikk.hu\/cikk\/2025\/06\/06\/tudta-e-magyar-nepdalkincstar-egy-kivalo-fiatal-enekes-molnar-renata\/\u00a0 E-kr\u00e9ta Alap\u00edtv\u00e1nyunk<\/p>\n","protected":false},"author":1,"featured_media":0,"comment_status":"closed","ping_status":"open","sticky":false,"template":"","format":"standard","meta":{"footnotes":""},"categories":[1],"tags":[],"class_list":["post-2338","post","type-post","status-publish","format-standard","hentry","category-egyeb"],"_links":{"self":[{"href":"https:\/\/www.gardonyi-suli.hu\/index.php?rest_route=\/wp\/v2\/posts\/2338","targetHints":{"allow":["GET"]}}],"collection":[{"href":"https:\/\/www.gardonyi-suli.hu\/index.php?rest_route=\/wp\/v2\/posts"}],"about":[{"href":"https:\/\/www.gardonyi-suli.hu\/index.php?rest_route=\/wp\/v2\/types\/post"}],"author":[{"embeddable":true,"href":"https:\/\/www.gardonyi-suli.hu\/index.php?rest_route=\/wp\/v2\/users\/1"}],"replies":[{"embeddable":true,"href":"https:\/\/www.gardonyi-suli.hu\/index.php?rest_route=%2Fwp%2Fv2%2Fcomments&post=2338"}],"version-history":[{"count":4,"href":"https:\/\/www.gardonyi-suli.hu\/index.php?rest_route=\/wp\/v2\/posts\/2338\/revisions"}],"predecessor-version":[{"id":2342,"href":"https:\/\/www.gardonyi-suli.hu\/index.php?rest_route=\/wp\/v2\/posts\/2338\/revisions\/2342"}],"wp:attachment":[{"href":"https:\/\/www.gardonyi-suli.hu\/index.php?rest_route=%2Fwp%2Fv2%2Fmedia&parent=2338"}],"wp:term":[{"taxonomy":"category","embeddable":true,"href":"https:\/\/www.gardonyi-suli.hu\/index.php?rest_route=%2Fwp%2Fv2%2Fcategories&post=2338"},{"taxonomy":"post_tag","embeddable":true,"href":"https:\/\/www.gardonyi-suli.hu\/index.php?rest_route=%2Fwp%2Fv2%2Ftags&post=2338"}],"curies":[{"name":"wp","href":"https:\/\/api.w.org\/{rel}","templated":true}]}}